{"id":2273,"date":"2018-09-16T15:46:31","date_gmt":"2018-09-16T15:46:31","guid":{"rendered":"http:\/\/ninachildress.com\/?p=2273"},"modified":"2021-12-08T16:44:21","modified_gmt":"2021-12-08T16:44:21","slug":"le-printemps-de-septembre-a-toulouse","status":"publish","type":"post","link":"https:\/\/ninachildress.com\/?p=2273","title":{"rendered":"le Printemps de Septembre \u00e0 Toulouse"},"content":{"rendered":"<div><em><img loading=\"lazy\" width=\"700\" height=\"525\" class=\"alignnone size-large wp-image-2299\" src=\"http:\/\/ninachildress.com\/wp-content\/uploads\/IMG_6252-700x525.jpg\" alt=\"\" srcset=\"https:\/\/ninachildress.com\/wp-content\/uploads\/IMG_6252-700x525.jpg 700w, https:\/\/ninachildress.com\/wp-content\/uploads\/IMG_6252-250x188.jpg 250w, https:\/\/ninachildress.com\/wp-content\/uploads\/IMG_6252-768x576.jpg 768w, https:\/\/ninachildress.com\/wp-content\/uploads\/IMG_6252-120x90.jpg 120w\" sizes=\"(max-width: 700px) 100vw, 700px\" \/><\/em><\/div>\n<div><em>Fracas et Fr\u00eales Bruits<\/em><\/div>\n<div>Exposition personnelle<\/div>\n<div class=\"union_italic item_title\"><strong>Le hibou aussi trouve ses petits jolis<\/strong><\/div>\n<div>&nbsp;<\/div>\n<div><strong>au Mus\u00e9e Paul-Dupuy<\/strong><\/div>\n<div>13 rue de la Pleau, 31000 Toulouse<\/div>\n<div class=\"fusion-column-wrapper\" data-bg-url=\"\">\n<div class=\"fusion-column-wrapper\" data-bg-url=\"\"><strong><span class=\"event-date\">du vendredi 21 septembre au <\/span><span class=\"event-date\">dimanche 21 octobre<\/span> <\/strong><\/div>\n<div data-bg-url=\"\">&nbsp;<\/div>\n<div class=\"fusion-column-wrapper\" data-bg-url=\"\">ouvert tous les jours sauf le lundi 10:00-18:00<br \/>\n<strong>Entr\u00e9e libre et gratuite<\/strong><\/div>\n<div data-bg-url=\"\">&nbsp;<\/div>\n<div data-bg-url=\"\">Visite comment\u00e9e par Christian Bernard le vendredi 21 septembre \u00e0 11h45<\/div>\n<div data-bg-url=\"\">&nbsp;<\/div>\n<\/div>\n<div>Exposition con\u00e7ue \u00e0 partir d\u2019\u0153uvres des collections du <a href=\"http:\/\/www.augustins.org\" target=\"_blank\" rel=\"noopener\">Mus\u00e9e des Augustins<\/a>, du <a href=\"http:\/\/www.louvre.fr\" target=\"_blank\" rel=\"noopener\">Mus\u00e9e du Louvre<\/a>, du <a href=\"http:\/\/www.cnap.fr\" target=\"_blank\" rel=\"noopener\">Centre national des arts plastiques<\/a> et de la <a href=\"http:\/\/www.galeriebernardjordan.com\" target=\"_blank\" rel=\"noopener\">Galerie Bernard Jordan<\/a>.<\/div>\n","protected":false},"excerpt":{"rendered":"Fracas et Fr\u00eales Bruits Exposition personnelle Le hibou aussi trouve ses petits jolis &nbsp; au Mus\u00e9e Paul-Dupuy 13 rue de la Pleau, 31000 Toulouse du vendredi 21 septembre au dimanche 21 octobre &nbsp; ouvert tous les jours sauf le lundi 10:00-18:00 Entr\u00e9e libre et gratuite &nbsp; Visite comment\u00e9e par Christian Bernard le vendredi 21 septembre&#8230; <a class=\"view-article\" href=\"https:\/\/ninachildress.com\/?p=2273\">+<\/a>","protected":false},"author":2,"featured_media":2299,"comment_status":"open","ping_status":"open","sticky":false,"template":"","format":"standard","meta":[],"categories":[3],"tags":[],"yoast_head":"<!-- This site is optimized with the Yoast SEO plugin v17.6 - https:\/\/yoast.com\/wordpress\/plugins\/seo\/ -->\n<meta name=\"robots\" content=\"index, follow, max-snippet:-1, max-image-preview:large, max-video-preview:-1\" \/>\n<link rel=\"canonical\" href=\"https:\/\/ninachildress.com\/?p=2273\" \/>\n<meta property=\"og:locale\" content=\"fr_FR\" \/>\n<meta property=\"og:type\" content=\"article\" \/>\n<meta property=\"og:title\" content=\"le Printemps de Septembre \u00e0 Toulouse - Nina Childress - Artiste Peintre - Paris\" \/>\n<meta property=\"og:description\" content=\"Fracas et Fr\u00eales Bruits Exposition personnelle Le hibou aussi trouve ses petits jolis &nbsp; au Mus\u00e9e Paul-Dupuy 13 rue de la Pleau, 31000 Toulouse du vendredi 21 septembre au dimanche 21 octobre &nbsp; ouvert tous les jours sauf le lundi 10:00-18:00 Entr\u00e9e libre et gratuite &nbsp; Visite comment\u00e9e par Christian Bernard le vendredi 21 septembre... +\" \/>\n<meta property=\"og:url\" content=\"https:\/\/ninachildress.com\/?p=2273\" \/>\n<meta property=\"og:site_name\" content=\"Nina Childress - Artiste Peintre - Paris\" \/>\n<meta property=\"article:published_time\" content=\"2018-09-16T15:46:31+00:00\" \/>\n<meta property=\"article:modified_time\" content=\"2021-12-08T16:44:21+00:00\" \/>\n<meta property=\"og:image\" content=\"https:\/\/ninachildress.com\/wp-content\/uploads\/IMG_6252.jpg\" \/>\n\t<meta property=\"og:image:width\" content=\"3264\" \/>\n\t<meta property=\"og:image:height\" content=\"2448\" \/>\n<meta name=\"twitter:card\" content=\"summary_large_image\" \/>\n<meta name=\"twitter:label1\" content=\"\u00c9crit par\" \/>\n\t<meta name=\"twitter:data1\" content=\"Nina Childress\" \/>\n<script type=\"application\/ld+json\" class=\"yoast-schema-graph\">{\"@context\":\"https:\/\/schema.org\",\"@graph\":[{\"@type\":\"WebSite\",\"@id\":\"https:\/\/ninachildress.com\/#website\",\"url\":\"https:\/\/ninachildress.com\/\",\"name\":\"Nina Childress - Artiste Peintre - Paris\",\"description\":\"Nina Childress, artiste peintre vivant \\u00e0 Paris, Enseigne aux Beaux-Arts, Expositions au MAMCO, Rideau vert au Palais de Tokyo, galerie Bernard Jordan\",\"potentialAction\":[{\"@type\":\"SearchAction\",\"target\":{\"@type\":\"EntryPoint\",\"urlTemplate\":\"https:\/\/ninachildress.com\/?s={search_term_string}\"},\"query-input\":\"required name=search_term_string\"}],\"inLanguage\":\"fr-FR\"},{\"@type\":\"ImageObject\",\"@id\":\"https:\/\/ninachildress.com\/?p=2273#primaryimage\",\"inLanguage\":\"fr-FR\",\"url\":\"https:\/\/ninachildress.com\/wp-content\/uploads\/IMG_6252.jpg\",\"contentUrl\":\"https:\/\/ninachildress.com\/wp-content\/uploads\/IMG_6252.jpg\",\"width\":\"3264\",\"height\":\"2448\"},{\"@type\":\"WebPage\",\"@id\":\"https:\/\/ninachildress.com\/?p=2273#webpage\",\"url\":\"https:\/\/ninachildress.com\/?p=2273\",\"name\":\"le Printemps de Septembre \\u00e0 Toulouse - Nina Childress - Artiste Peintre - Paris\",\"isPartOf\":{\"@id\":\"https:\/\/ninachildress.com\/#website\"},\"primaryImageOfPage\":{\"@id\":\"https:\/\/ninachildress.com\/?p=2273#primaryimage\"},\"datePublished\":\"2018-09-16T15:46:31+00:00\",\"dateModified\":\"2021-12-08T16:44:21+00:00\",\"author\":{\"@id\":\"https:\/\/ninachildress.com\/#\/schema\/person\/5503854bf4eef7bbe6f8418b83bc431d\"},\"breadcrumb\":{\"@id\":\"https:\/\/ninachildress.com\/?p=2273#breadcrumb\"},\"inLanguage\":\"fr-FR\",\"potentialAction\":[{\"@type\":\"ReadAction\",\"target\":[\"https:\/\/ninachildress.com\/?p=2273\"]}]},{\"@type\":\"BreadcrumbList\",\"@id\":\"https:\/\/ninachildress.com\/?p=2273#breadcrumb\",\"itemListElement\":[{\"@type\":\"ListItem\",\"position\":1,\"name\":\"Accueil\",\"item\":\"https:\/\/ninachildress.com\/\"},{\"@type\":\"ListItem\",\"position\":2,\"name\":\"le Printemps de Septembre \\u00e0 Toulouse\"}]},{\"@type\":\"Person\",\"@id\":\"https:\/\/ninachildress.com\/#\/schema\/person\/5503854bf4eef7bbe6f8418b83bc431d\",\"name\":\"Nina Childress\",\"image\":{\"@type\":\"ImageObject\",\"@id\":\"https:\/\/ninachildress.com\/#personlogo\",\"inLanguage\":\"fr-FR\",\"url\":\"https:\/\/secure.gravatar.com\/avatar\/94531c9f9d8ab9ffe8375c536a3a2009?s=96&d=mm&r=g\",\"contentUrl\":\"https:\/\/secure.gravatar.com\/avatar\/94531c9f9d8ab9ffe8375c536a3a2009?s=96&d=mm&r=g\",\"caption\":\"Nina Childress\"},\"url\":\"https:\/\/ninachildress.com\/?author=2\"}]}<\/script>\n<!-- \/ Yoast SEO plugin. -->","yoast_head_json":{"robots":{"index":"index","follow":"follow","max-snippet":"max-snippet:-1","max-image-preview":"max-image-preview:large","max-video-preview":"max-video-preview:-1"},"canonical":"https:\/\/ninachildress.com\/?p=2273","og_locale":"fr_FR","og_type":"article","og_title":"le Printemps de Septembre \u00e0 Toulouse - Nina Childress - Artiste Peintre - Paris","og_description":"Fracas et Fr\u00eales Bruits Exposition personnelle Le hibou aussi trouve ses petits jolis &nbsp; au Mus\u00e9e Paul-Dupuy 13 rue de la Pleau, 31000 Toulouse du vendredi 21 septembre au dimanche 21 octobre &nbsp; ouvert tous les jours sauf le lundi 10:00-18:00 Entr\u00e9e libre et gratuite &nbsp; Visite comment\u00e9e par Christian Bernard le vendredi 21 septembre... +","og_url":"https:\/\/ninachildress.com\/?p=2273","og_site_name":"Nina Childress - Artiste Peintre - Paris","article_published_time":"2018-09-16T15:46:31+00:00","article_modified_time":"2021-12-08T16:44:21+00:00","og_image":[{"width":"3264","height":"2448","url":"https:\/\/ninachildress.com\/wp-content\/uploads\/IMG_6252.jpg","type":"image\/jpeg"}],"twitter_card":"summary_large_image","twitter_misc":{"\u00c9crit par":"Nina Childress"},"schema":{"@context":"https:\/\/schema.org","@graph":[{"@type":"WebSite","@id":"https:\/\/ninachildress.com\/#website","url":"https:\/\/ninachildress.com\/","name":"Nina Childress - Artiste Peintre - Paris","description":"Nina Childress, artiste peintre vivant \u00e0 Paris, Enseigne aux Beaux-Arts, Expositions au MAMCO, Rideau vert au Palais de Tokyo, galerie Bernard Jordan","potentialAction":[{"@type":"SearchAction","target":{"@type":"EntryPoint","urlTemplate":"https:\/\/ninachildress.com\/?s={search_term_string}"},"query-input":"required name=search_term_string"}],"inLanguage":"fr-FR"},{"@type":"ImageObject","@id":"https:\/\/ninachildress.com\/?p=2273#primaryimage","inLanguage":"fr-FR","url":"https:\/\/ninachildress.com\/wp-content\/uploads\/IMG_6252.jpg","contentUrl":"https:\/\/ninachildress.com\/wp-content\/uploads\/IMG_6252.jpg","width":"3264","height":"2448"},{"@type":"WebPage","@id":"https:\/\/ninachildress.com\/?p=2273#webpage","url":"https:\/\/ninachildress.com\/?p=2273","name":"le Printemps de Septembre \u00e0 Toulouse - Nina Childress - Artiste Peintre - Paris","isPartOf":{"@id":"https:\/\/ninachildress.com\/#website"},"primaryImageOfPage":{"@id":"https:\/\/ninachildress.com\/?p=2273#primaryimage"},"datePublished":"2018-09-16T15:46:31+00:00","dateModified":"2021-12-08T16:44:21+00:00","author":{"@id":"https:\/\/ninachildress.com\/#\/schema\/person\/5503854bf4eef7bbe6f8418b83bc431d"},"breadcrumb":{"@id":"https:\/\/ninachildress.com\/?p=2273#breadcrumb"},"inLanguage":"fr-FR","potentialAction":[{"@type":"ReadAction","target":["https:\/\/ninachildress.com\/?p=2273"]}]},{"@type":"BreadcrumbList","@id":"https:\/\/ninachildress.com\/?p=2273#breadcrumb","itemListElement":[{"@type":"ListItem","position":1,"name":"Accueil","item":"https:\/\/ninachildress.com\/"},{"@type":"ListItem","position":2,"name":"le Printemps de Septembre \u00e0 Toulouse"}]},{"@type":"Person","@id":"https:\/\/ninachildress.com\/#\/schema\/person\/5503854bf4eef7bbe6f8418b83bc431d","name":"Nina Childress","image":{"@type":"ImageObject","@id":"https:\/\/ninachildress.com\/#personlogo","inLanguage":"fr-FR","url":"https:\/\/secure.gravatar.com\/avatar\/94531c9f9d8ab9ffe8375c536a3a2009?s=96&d=mm&r=g","contentUrl":"https:\/\/secure.gravatar.com\/avatar\/94531c9f9d8ab9ffe8375c536a3a2009?s=96&d=mm&r=g","caption":"Nina Childress"},"url":"https:\/\/ninachildress.com\/?author=2"}]}},"_links":{"self":[{"href":"https:\/\/ninachildress.com\/index.php?rest_route=\/wp\/v2\/posts\/2273"}],"collection":[{"href":"https:\/\/ninachildress.com\/index.php?rest_route=\/wp\/v2\/posts"}],"about":[{"href":"https:\/\/ninachildress.com\/index.php?rest_route=\/wp\/v2\/types\/post"}],"author":[{"embeddable":true,"href":"https:\/\/ninachildress.com\/index.php?rest_route=\/wp\/v2\/users\/2"}],"replies":[{"embeddable":true,"href":"https:\/\/ninachildress.com\/index.php?rest_route=%2Fwp%2Fv2%2Fcomments&post=2273"}],"version-history":[{"count":8,"href":"https:\/\/ninachildress.com\/index.php?rest_route=\/wp\/v2\/posts\/2273\/revisions"}],"predecessor-version":[{"id":3454,"href":"https:\/\/ninachildress.com\/index.php?rest_route=\/wp\/v2\/posts\/2273\/revisions\/3454"}],"wp:featuredmedia":[{"embeddable":true,"href":"https:\/\/ninachildress.com\/index.php?rest_route=\/wp\/v2\/media\/2299"}],"wp:attachment":[{"href":"https:\/\/ninachildress.com\/index.php?rest_route=%2Fwp%2Fv2%2Fmedia&parent=2273"}],"wp:term":[{"taxonomy":"category","embeddable":true,"href":"https:\/\/ninachildress.com\/index.php?rest_route=%2Fwp%2Fv2%2Fcategories&post=2273"},{"taxonomy":"post_tag","embeddable":true,"href":"https:\/\/ninachildress.com\/index.php?rest_route=%2Fwp%2Fv2%2Ftags&post=2273"}],"curies":[{"name":"wp","href":"https:\/\/api.w.org\/{rel}","templated":true}]}}