{"id":3552,"date":"2022-02-07T09:52:31","date_gmt":"2022-02-07T09:52:31","guid":{"rendered":"https:\/\/ninachildress.com\/?p=3552"},"modified":"2023-11-08T15:32:00","modified_gmt":"2023-11-08T15:32:00","slug":"2022","status":"publish","type":"post","link":"https:\/\/ninachildress.com\/?p=3552","title":{"rendered":"2022"},"content":{"rendered":"<p><img loading=\"lazy\" class=\"alignnone wp-image-4931 size-full\" src=\"https:\/\/ninachildress.com\/wp-content\/uploads\/20220921_PORTRAIT_NINA_CHILDRESS0297_V04-copie.jpg\" alt=\"\" width=\"600\" height=\"773\" srcset=\"https:\/\/ninachildress.com\/wp-content\/uploads\/20220921_PORTRAIT_NINA_CHILDRESS0297_V04-copie.jpg 600w, https:\/\/ninachildress.com\/wp-content\/uploads\/20220921_PORTRAIT_NINA_CHILDRESS0297_V04-copie-250x322.jpg 250w, https:\/\/ninachildress.com\/wp-content\/uploads\/20220921_PORTRAIT_NINA_CHILDRESS0297_V04-copie-120x155.jpg 120w\" sizes=\"(max-width: 600px) 100vw, 600px\" \/><\/p>\n<p><img loading=\"lazy\" class=\"alignnone wp-image-4932 size-full\" src=\"https:\/\/ninachildress.com\/wp-content\/uploads\/JPEG-20220921_PORTRAIT_NINA_CHILDRESS0437_V03-OK-copie.jpg\" alt=\"\" width=\"600\" height=\"750\" srcset=\"https:\/\/ninachildress.com\/wp-content\/uploads\/JPEG-20220921_PORTRAIT_NINA_CHILDRESS0437_V03-OK-copie.jpg 600w, https:\/\/ninachildress.com\/wp-content\/uploads\/JPEG-20220921_PORTRAIT_NINA_CHILDRESS0437_V03-OK-copie-250x313.jpg 250w, https:\/\/ninachildress.com\/wp-content\/uploads\/JPEG-20220921_PORTRAIT_NINA_CHILDRESS0437_V03-OK-copie-120x150.jpg 120w\" sizes=\"(max-width: 600px) 100vw, 600px\" \/><\/p>\n<p>Nina Childress dans son atelier, septembre 2022<\/p>\n<p>Cr\u00e9dits :<\/p>\n<p>Portrait de Nina Childress dans son atelier par Philippe Jarrigeon<\/p>\n<p>Coiffure : Marc Lopez<\/p>\n<p>Maquillage : Kathy Le Sant<\/p>\n<p>Assistants photo : Edouard Ob\u00e9niche et Pavo Marinovic<\/p>\n<p>Retouche : Imagin Paris<\/p>\n<p>\u00a9philippe jarrigeon<\/p>\n<p>&nbsp;<\/p>\n<p><img loading=\"lazy\" class=\"alignnone wp-image-4564 size-large\" src=\"https:\/\/ninachildress.com\/wp-content\/uploads\/IMG_1636-1-700x513.jpg\" alt=\"\" width=\"700\" height=\"513\" srcset=\"https:\/\/ninachildress.com\/wp-content\/uploads\/IMG_1636-1-700x513.jpg 700w, https:\/\/ninachildress.com\/wp-content\/uploads\/IMG_1636-1-250x183.jpg 250w, https:\/\/ninachildress.com\/wp-content\/uploads\/IMG_1636-1-768x563.jpg 768w, https:\/\/ninachildress.com\/wp-content\/uploads\/IMG_1636-1-1536x1125.jpg 1536w, https:\/\/ninachildress.com\/wp-content\/uploads\/IMG_1636-1-2048x1500.jpg 2048w, https:\/\/ninachildress.com\/wp-content\/uploads\/IMG_1636-1-120x88.jpg 120w\" sizes=\"(max-width: 700px) 100vw, 700px\" \/><\/p>\n<p>Nina Childress avec Stephane Zaech, Jean-Luc Blanc, Fabienne Radi, David Lemaire lors du vernissage le 5 novembre&nbsp; 2022 de Cils, Poils, Cheveux au Mus\u00e9e des Beaux-Arts de la Chaux de Fonds<\/p>\n<p><img loading=\"lazy\" class=\"alignnone wp-image-4561 size-large\" src=\"https:\/\/ninachildress.com\/wp-content\/uploads\/IMG_8580web-700x933.jpg\" alt=\"\" width=\"700\" height=\"933\" srcset=\"https:\/\/ninachildress.com\/wp-content\/uploads\/IMG_8580web-700x933.jpg 700w, https:\/\/ninachildress.com\/wp-content\/uploads\/IMG_8580web-250x333.jpg 250w, https:\/\/ninachildress.com\/wp-content\/uploads\/IMG_8580web-768x1024.jpg 768w, https:\/\/ninachildress.com\/wp-content\/uploads\/IMG_8580web-120x160.jpg 120w, https:\/\/ninachildress.com\/wp-content\/uploads\/IMG_8580web.jpg 1000w\" sizes=\"(max-width: 700px) 100vw, 700px\" \/><\/p>\n<p>Nina Childress lors du vernissage le 5 novembre&nbsp; 2022 de Cils, Poils, Cheveux au Mus\u00e9e des Beaux-Arts de la Chaux de Fonds<\/p>\n<p><img loading=\"lazy\" class=\"alignnone wp-image-4560 size-large\" src=\"https:\/\/ninachildress.com\/wp-content\/uploads\/IMG_8596_web-700x933.jpg\" alt=\"\" width=\"700\" height=\"933\" srcset=\"https:\/\/ninachildress.com\/wp-content\/uploads\/IMG_8596_web-700x933.jpg 700w, https:\/\/ninachildress.com\/wp-content\/uploads\/IMG_8596_web-250x333.jpg 250w, https:\/\/ninachildress.com\/wp-content\/uploads\/IMG_8596_web-768x1024.jpg 768w, https:\/\/ninachildress.com\/wp-content\/uploads\/IMG_8596_web-120x160.jpg 120w, https:\/\/ninachildress.com\/wp-content\/uploads\/IMG_8596_web.jpg 1000w\" sizes=\"(max-width: 700px) 100vw, 700px\" \/><\/p>\n<p>Vernissage le 5 novembre&nbsp; 2022 de Cils, Poils, Cheveux au Mus\u00e9e des Beaux-Arts de la Chaux de Fonds<\/p>\n<p><img loading=\"lazy\" class=\"alignnone wp-image-4562 size-large\" src=\"https:\/\/ninachildress.com\/wp-content\/uploads\/IMG_8572-700x525.jpg\" alt=\"\" width=\"700\" height=\"525\" srcset=\"https:\/\/ninachildress.com\/wp-content\/uploads\/IMG_8572-700x525.jpg 700w, https:\/\/ninachildress.com\/wp-content\/uploads\/IMG_8572-250x188.jpg 250w, https:\/\/ninachildress.com\/wp-content\/uploads\/IMG_8572-768x576.jpg 768w, https:\/\/ninachildress.com\/wp-content\/uploads\/IMG_8572-120x90.jpg 120w, https:\/\/ninachildress.com\/wp-content\/uploads\/IMG_8572.jpg 1333w\" sizes=\"(max-width: 700px) 100vw, 700px\" \/><\/p>\n<p>Christian Bernard et David Lemaire lors du vernissage le 5 novembre&nbsp; 2022 de Cils, Poils, Cheveux, au Mus\u00e9e des Beaux-Arts de la Chaux de Fonds<\/p>\n<p><img loading=\"lazy\" width=\"960\" height=\"1373\" class=\"alignnone size-full wp-image-4484\" src=\"https:\/\/ninachildress.com\/wp-content\/uploads\/FJLT7670-1.jpg\" alt=\"\"><br \/>\nle 20 ao\u00fbt 2022, dernier jour de Body Body au FRAC \u00e0 Bordeaux.<br \/>\nPerformance : H\u00e9l\u00e8ne C.P.<br \/>\nPhoto : Y.N.Genod<\/p>\n<p><img loading=\"lazy\" width=\"800\" height=\"547\" class=\"alignnone size-full wp-image-3601\" src=\"https:\/\/ninachildress.com\/wp-content\/uploads\/IMG-4789-1.jpg\" alt=\"\" srcset=\"https:\/\/ninachildress.com\/wp-content\/uploads\/IMG-4789-1.jpg 800w, https:\/\/ninachildress.com\/wp-content\/uploads\/IMG-4789-1-250x171.jpg 250w, https:\/\/ninachildress.com\/wp-content\/uploads\/IMG-4789-1-700x479.jpg 700w, https:\/\/ninachildress.com\/wp-content\/uploads\/IMG-4789-1-768x525.jpg 768w, https:\/\/ninachildress.com\/wp-content\/uploads\/IMG-4789-1-120x82.jpg 120w\" sizes=\"(max-width: 800px) 100vw, 800px\" \/><\/p>\n<p>avec Jean-Luc Blanc<\/p>\n<p><img loading=\"lazy\" width=\"567\" height=\"800\" class=\"alignnone size-full wp-image-3553\" src=\"https:\/\/ninachildress.com\/wp-content\/uploads\/david-lemaire-e1644227434997.jpg\" alt=\"\"><\/p>\n<div>David Lemaire directeur du mus\u00e9e de la Chaux-de-Fonds (Suisse) et copie de leur tableau de Van Gogh<\/div>\n","protected":false},"excerpt":{"rendered":"Nina Childress dans son atelier, septembre 2022 Cr\u00e9dits : Portrait de Nina Childress dans son atelier par Philippe Jarrigeon Coiffure : Marc Lopez Maquillage : Kathy Le Sant Assistants photo : Edouard Ob\u00e9niche et Pavo Marinovic Retouche : Imagin Paris \u00a9philippe jarrigeon &nbsp; Nina Childress avec Stephane Zaech, Jean-Luc Blanc, Fabienne Radi, David Lemaire lors&#8230; <a class=\"view-article\" href=\"https:\/\/ninachildress.com\/?p=3552\">+<\/a>","protected":false},"author":2,"featured_media":3601,"comment_status":"open","ping_status":"open","sticky":false,"template":"","format":"standard","meta":[],"categories":[4],"tags":[],"yoast_head":"<!-- This site is optimized with the Yoast SEO plugin v17.6 - https:\/\/yoast.com\/wordpress\/plugins\/seo\/ -->\n<meta name=\"robots\" content=\"index, follow, max-snippet:-1, max-image-preview:large, max-video-preview:-1\" \/>\n<link rel=\"canonical\" href=\"https:\/\/ninachildress.com\/?p=3552\" \/>\n<meta property=\"og:locale\" content=\"fr_FR\" \/>\n<meta property=\"og:type\" content=\"article\" \/>\n<meta property=\"og:title\" content=\"2022 - Nina Childress - Artiste Peintre - Paris\" \/>\n<meta property=\"og:description\" content=\"Nina Childress dans son atelier, septembre 2022 Cr\u00e9dits : Portrait de Nina Childress dans son atelier par Philippe Jarrigeon Coiffure : Marc Lopez Maquillage : Kathy Le Sant Assistants photo : Edouard Ob\u00e9niche et Pavo Marinovic Retouche : Imagin Paris \u00a9philippe jarrigeon &nbsp; Nina Childress avec Stephane Zaech, Jean-Luc Blanc, Fabienne Radi, David Lemaire lors... +\" \/>\n<meta property=\"og:url\" content=\"https:\/\/ninachildress.com\/?p=3552\" \/>\n<meta property=\"og:site_name\" content=\"Nina Childress - Artiste Peintre - Paris\" \/>\n<meta property=\"article:published_time\" content=\"2022-02-07T09:52:31+00:00\" \/>\n<meta property=\"article:modified_time\" content=\"2023-11-08T15:32:00+00:00\" \/>\n<meta property=\"og:image\" content=\"https:\/\/ninachildress.com\/wp-content\/uploads\/IMG-4789-1.jpg\" \/>\n\t<meta property=\"og:image:width\" content=\"800\" \/>\n\t<meta property=\"og:image:height\" content=\"547\" \/>\n<meta name=\"twitter:card\" content=\"summary_large_image\" \/>\n<meta name=\"twitter:label1\" content=\"\u00c9crit par\" \/>\n\t<meta name=\"twitter:data1\" content=\"Nina Childress\" \/>\n\t<meta name=\"twitter:label2\" content=\"Dur\u00e9e de lecture estim\u00e9e\" \/>\n\t<meta name=\"twitter:data2\" content=\"3 minutes\" \/>\n<script type=\"application\/ld+json\" class=\"yoast-schema-graph\">{\"@context\":\"https:\/\/schema.org\",\"@graph\":[{\"@type\":\"WebSite\",\"@id\":\"https:\/\/ninachildress.com\/#website\",\"url\":\"https:\/\/ninachildress.com\/\",\"name\":\"Nina Childress - Artiste Peintre - Paris\",\"description\":\"Nina Childress, artiste peintre vivant \\u00e0 Paris, Enseigne aux Beaux-Arts, Expositions au MAMCO, Rideau vert au Palais de Tokyo, galerie Bernard Jordan\",\"potentialAction\":[{\"@type\":\"SearchAction\",\"target\":{\"@type\":\"EntryPoint\",\"urlTemplate\":\"https:\/\/ninachildress.com\/?s={search_term_string}\"},\"query-input\":\"required name=search_term_string\"}],\"inLanguage\":\"fr-FR\"},{\"@type\":\"ImageObject\",\"@id\":\"https:\/\/ninachildress.com\/?p=3552#primaryimage\",\"inLanguage\":\"fr-FR\",\"url\":\"https:\/\/ninachildress.com\/wp-content\/uploads\/IMG-4789-1.jpg\",\"contentUrl\":\"https:\/\/ninachildress.com\/wp-content\/uploads\/IMG-4789-1.jpg\",\"width\":800,\"height\":547},{\"@type\":\"WebPage\",\"@id\":\"https:\/\/ninachildress.com\/?p=3552#webpage\",\"url\":\"https:\/\/ninachildress.com\/?p=3552\",\"name\":\"2022 - Nina Childress - Artiste Peintre - Paris\",\"isPartOf\":{\"@id\":\"https:\/\/ninachildress.com\/#website\"},\"primaryImageOfPage\":{\"@id\":\"https:\/\/ninachildress.com\/?p=3552#primaryimage\"},\"datePublished\":\"2022-02-07T09:52:31+00:00\",\"dateModified\":\"2023-11-08T15:32:00+00:00\",\"author\":{\"@id\":\"https:\/\/ninachildress.com\/#\/schema\/person\/5503854bf4eef7bbe6f8418b83bc431d\"},\"breadcrumb\":{\"@id\":\"https:\/\/ninachildress.com\/?p=3552#breadcrumb\"},\"inLanguage\":\"fr-FR\",\"potentialAction\":[{\"@type\":\"ReadAction\",\"target\":[\"https:\/\/ninachildress.com\/?p=3552\"]}]},{\"@type\":\"BreadcrumbList\",\"@id\":\"https:\/\/ninachildress.com\/?p=3552#breadcrumb\",\"itemListElement\":[{\"@type\":\"ListItem\",\"position\":1,\"name\":\"Accueil\",\"item\":\"https:\/\/ninachildress.com\/\"},{\"@type\":\"ListItem\",\"position\":2,\"name\":\"2022\"}]},{\"@type\":\"Person\",\"@id\":\"https:\/\/ninachildress.com\/#\/schema\/person\/5503854bf4eef7bbe6f8418b83bc431d\",\"name\":\"Nina Childress\",\"image\":{\"@type\":\"ImageObject\",\"@id\":\"https:\/\/ninachildress.com\/#personlogo\",\"inLanguage\":\"fr-FR\",\"url\":\"https:\/\/secure.gravatar.com\/avatar\/94531c9f9d8ab9ffe8375c536a3a2009?s=96&d=mm&r=g\",\"contentUrl\":\"https:\/\/secure.gravatar.com\/avatar\/94531c9f9d8ab9ffe8375c536a3a2009?s=96&d=mm&r=g\",\"caption\":\"Nina Childress\"},\"url\":\"https:\/\/ninachildress.com\/?author=2\"}]}<\/script>\n<!-- \/ Yoast SEO plugin. -->","yoast_head_json":{"robots":{"index":"index","follow":"follow","max-snippet":"max-snippet:-1","max-image-preview":"max-image-preview:large","max-video-preview":"max-video-preview:-1"},"canonical":"https:\/\/ninachildress.com\/?p=3552","og_locale":"fr_FR","og_type":"article","og_title":"2022 - Nina Childress - Artiste Peintre - Paris","og_description":"Nina Childress dans son atelier, septembre 2022 Cr\u00e9dits : Portrait de Nina Childress dans son atelier par Philippe Jarrigeon Coiffure : Marc Lopez Maquillage : Kathy Le Sant Assistants photo : Edouard Ob\u00e9niche et Pavo Marinovic Retouche : Imagin Paris \u00a9philippe jarrigeon &nbsp; Nina Childress avec Stephane Zaech, Jean-Luc Blanc, Fabienne Radi, David Lemaire lors... +","og_url":"https:\/\/ninachildress.com\/?p=3552","og_site_name":"Nina Childress - Artiste Peintre - Paris","article_published_time":"2022-02-07T09:52:31+00:00","article_modified_time":"2023-11-08T15:32:00+00:00","og_image":[{"width":800,"height":547,"url":"https:\/\/ninachildress.com\/wp-content\/uploads\/IMG-4789-1.jpg","type":"image\/jpeg"}],"twitter_card":"summary_large_image","twitter_misc":{"\u00c9crit par":"Nina Childress","Dur\u00e9e de lecture estim\u00e9e":"3 minutes"},"schema":{"@context":"https:\/\/schema.org","@graph":[{"@type":"WebSite","@id":"https:\/\/ninachildress.com\/#website","url":"https:\/\/ninachildress.com\/","name":"Nina Childress - Artiste Peintre - Paris","description":"Nina Childress, artiste peintre vivant \u00e0 Paris, Enseigne aux Beaux-Arts, Expositions au MAMCO, Rideau vert au Palais de Tokyo, galerie Bernard Jordan","potentialAction":[{"@type":"SearchAction","target":{"@type":"EntryPoint","urlTemplate":"https:\/\/ninachildress.com\/?s={search_term_string}"},"query-input":"required name=search_term_string"}],"inLanguage":"fr-FR"},{"@type":"ImageObject","@id":"https:\/\/ninachildress.com\/?p=3552#primaryimage","inLanguage":"fr-FR","url":"https:\/\/ninachildress.com\/wp-content\/uploads\/IMG-4789-1.jpg","contentUrl":"https:\/\/ninachildress.com\/wp-content\/uploads\/IMG-4789-1.jpg","width":800,"height":547},{"@type":"WebPage","@id":"https:\/\/ninachildress.com\/?p=3552#webpage","url":"https:\/\/ninachildress.com\/?p=3552","name":"2022 - Nina Childress - Artiste Peintre - Paris","isPartOf":{"@id":"https:\/\/ninachildress.com\/#website"},"primaryImageOfPage":{"@id":"https:\/\/ninachildress.com\/?p=3552#primaryimage"},"datePublished":"2022-02-07T09:52:31+00:00","dateModified":"2023-11-08T15:32:00+00:00","author":{"@id":"https:\/\/ninachildress.com\/#\/schema\/person\/5503854bf4eef7bbe6f8418b83bc431d"},"breadcrumb":{"@id":"https:\/\/ninachildress.com\/?p=3552#breadcrumb"},"inLanguage":"fr-FR","potentialAction":[{"@type":"ReadAction","target":["https:\/\/ninachildress.com\/?p=3552"]}]},{"@type":"BreadcrumbList","@id":"https:\/\/ninachildress.com\/?p=3552#breadcrumb","itemListElement":[{"@type":"ListItem","position":1,"name":"Accueil","item":"https:\/\/ninachildress.com\/"},{"@type":"ListItem","position":2,"name":"2022"}]},{"@type":"Person","@id":"https:\/\/ninachildress.com\/#\/schema\/person\/5503854bf4eef7bbe6f8418b83bc431d","name":"Nina Childress","image":{"@type":"ImageObject","@id":"https:\/\/ninachildress.com\/#personlogo","inLanguage":"fr-FR","url":"https:\/\/secure.gravatar.com\/avatar\/94531c9f9d8ab9ffe8375c536a3a2009?s=96&d=mm&r=g","contentUrl":"https:\/\/secure.gravatar.com\/avatar\/94531c9f9d8ab9ffe8375c536a3a2009?s=96&d=mm&r=g","caption":"Nina Childress"},"url":"https:\/\/ninachildress.com\/?author=2"}]}},"_links":{"self":[{"href":"https:\/\/ninachildress.com\/index.php?rest_route=\/wp\/v2\/posts\/3552"}],"collection":[{"href":"https:\/\/ninachildress.com\/index.php?rest_route=\/wp\/v2\/posts"}],"about":[{"href":"https:\/\/ninachildress.com\/index.php?rest_route=\/wp\/v2\/types\/post"}],"author":[{"embeddable":true,"href":"https:\/\/ninachildress.com\/index.php?rest_route=\/wp\/v2\/users\/2"}],"replies":[{"embeddable":true,"href":"https:\/\/ninachildress.com\/index.php?rest_route=%2Fwp%2Fv2%2Fcomments&post=3552"}],"version-history":[{"count":7,"href":"https:\/\/ninachildress.com\/index.php?rest_route=\/wp\/v2\/posts\/3552\/revisions"}],"predecessor-version":[{"id":4933,"href":"https:\/\/ninachildress.com\/index.php?rest_route=\/wp\/v2\/posts\/3552\/revisions\/4933"}],"wp:featuredmedia":[{"embeddable":true,"href":"https:\/\/ninachildress.com\/index.php?rest_route=\/wp\/v2\/media\/3601"}],"wp:attachment":[{"href":"https:\/\/ninachildress.com\/index.php?rest_route=%2Fwp%2Fv2%2Fmedia&parent=3552"}],"wp:term":[{"taxonomy":"category","embeddable":true,"href":"https:\/\/ninachildress.com\/index.php?rest_route=%2Fwp%2Fv2%2Fcategories&post=3552"},{"taxonomy":"post_tag","embeddable":true,"href":"https:\/\/ninachildress.com\/index.php?rest_route=%2Fwp%2Fv2%2Ftags&post=3552"}],"curies":[{"name":"wp","href":"https:\/\/api.w.org\/{rel}","templated":true}]}}