{"id":5241,"date":"2026-01-30T10:51:57","date_gmt":"2026-01-30T10:51:57","guid":{"rendered":"https:\/\/ninachildress.com\/?p=5241"},"modified":"2026-01-30T10:56:46","modified_gmt":"2026-01-30T10:56:46","slug":"le-genre-ideal","status":"publish","type":"post","link":"https:\/\/ninachildress.com\/?p=5241","title":{"rendered":"LE GENRE IDEAL"},"content":{"rendered":"<p>Nouvelle accrochage de la collection du Mac Val, du 21 mars 2025 \u00e0 mars 2027.<\/p>\n<p>Commissariat Nicolas Surlapierre<br class=\"manualbr\">Co-commissariat Yuan-Chih Cheng, Ana\u00efs Linares, Margaut Segui et toutes les \u00e9quipes du&nbsp;<span class=\"caps\">MAC<\/span>&nbsp;<span class=\"caps\">VAL<\/span><\/p>\n<div class=\"chapeau\">\n<p>Chronique d\u2019une exposition<br class=\"manualbr\">Les 20 ans du&nbsp;<span class=\"caps\">MAC<\/span>&nbsp;<span class=\"caps\">VAL<\/span>, un anniversaire visionnaire<\/p>\n<p>Il y a 20 ans, le&nbsp;<span class=\"caps\">MAC<\/span>&nbsp;<span class=\"caps\">VAL<\/span>&nbsp;ouvrait ses portes. L\u2019anniversaire du mus\u00e9e repr\u00e9sente l\u2019occasion de confirmer la qualit\u00e9 d\u2019un patrimoine, preuve d\u2019une s\u00e9dimentation experte et remarquable de plus de 40 ans d\u2019acquisitions pour une collection unique. C\u2019est aussi l\u2019occasion de r\u00e9affirmer l\u2019expression d\u2019un mus\u00e9e renouvel\u00e9 et ouvert sur l\u2019avenir.<br class=\"manualbr\">Le nouvel accrochage est le r\u00e9sultat d\u2019un large commissariat partag\u00e9&nbsp;: la s\u00e9lection des \u0153uvres offerte au regard du public a \u00e9t\u00e9 con\u00e7ue de fa\u00e7on in\u00e9dite et coll\u00e9giale avec l\u2019ensemble des \u00e9quipes du mus\u00e9e.<br class=\"manualbr\">R\u00e9guli\u00e8rement r\u00e9unis en ateliers, les propositions, choix, d\u00e9bats et s\u00e9lections ont fus\u00e9, temp\u00eat\u00e9, r\u00e9jouis et finalement \u00e9t\u00e9 consentis. Les visiteuses et visiteurs auront donc la joie de d\u00e9couvrir ou de red\u00e9couvrir des \u0153uvres symboliques de la collection. Le parcours se veut ainsi \u00eatre un appel aux souvenirs, \u00e9motions et d\u00e9couvertes que toutes et tous avons pu partager en 20 ans de vie au&nbsp;<span class=\"caps\">MAC<\/span>&nbsp;<span class=\"caps\">VAL<\/span>.<\/p>\n<p><br class=\"manualbr\">N\u00e9e d\u2019une politique d\u00e9partementale de soutien aux artistes mise en \u0153uvre d\u00e8s 1982, la collection du&nbsp;<span class=\"caps\">MAC<\/span>&nbsp;<span class=\"caps\">VAL<\/span>&nbsp;a pour singularit\u00e9 \u00ab<small class=\"fine d-inline\">&nbsp;<\/small>l\u2019art contemporain en France depuis les ann\u00e9es 1950<small class=\"fine d-inline\">&nbsp;<\/small>\u00bb. La collection s\u2019est dot\u00e9e au fil des ann\u00e9es d\u2019un unique et fort caract\u00e8re permettant la rencontre d\u2019artistes incontournables et \u00e9mergents. Cette derni\u00e8re est pr\u00e9sent\u00e9e de fa\u00e7on renouvel\u00e9e tous les 18 mois environ&nbsp;: une mani\u00e8re de red\u00e9couvrir les \u0153uvres dans une th\u00e9matique, un contexte et une approche actualis\u00e9s.<br class=\"manualbr\">Au printemps 2025, le&nbsp;<span class=\"caps\">MAC<\/span>&nbsp;<span class=\"caps\">VAL<\/span>&nbsp;imagine un parcours consacr\u00e9 \u00e0 la hi\u00e9rarchie des genres et aborde cette vaste th\u00e9matique \u00e0 travers le prisme d\u2019\u0153uvres issues de la collection du mus\u00e9e. En 1667, l\u2019historien de l\u2019art Andr\u00e9 F\u00e9libien pose la hi\u00e9rarchie des genres dans la pr\u00e9face de ses Conf\u00e9rences de l\u2019Acad\u00e9mie Royale de peinture et de sculpture. Il instruit les pr\u00e9ceptes qui r\u00e9giront la peinture acad\u00e9mique et instaure par l\u00e0 m\u00eame l\u2019id\u00e9e de genres nobles et de sous-genres o\u00f9 le sujet prime sur la ma\u00eetrise technique ou la facture.<br class=\"manualbr\">Le parcours \u00ab<small class=\"fine d-inline\">&nbsp;<\/small>Le genre id\u00e9al. En principe, une tentative d\u2019\u00e9puisement<small class=\"fine d-inline\">&nbsp;<\/small>\u00bb aborde avec espi\u00e8glerie chacun des cinq genres de cette hi\u00e9rarchie&nbsp;: la peinture d\u2019histoire, le portrait, la sc\u00e8ne de genre, le paysage et la nature morte.<\/p>\n<\/div>\n<p>Avec Mathieu Kleyebe Abonnenc, Boris Achour, Etel Adnan, Roy Adzak, Dove Allouche, Pierre Ardouvin, Bianca Argim\u00f3n, Arman, \u00c9tienne Armandon, Fran\u00e7ois Arnal, Kader Attia, Bertille Bak, Gilles Barbier, \u00c9ric Baudart, Val\u00e9rie Belin, Fr\u00e9d\u00e9ric Benrath, Julien Berthier,<br \/>\nAm\u00e9lie Bertrand, \u00c9tienne Bossut, Halida Boughriet, Anne Br\u00e9geaut, Brognon Rollin, Elina Brotherus, Mark Brusse, Alain Bublex, Pierre Buraglio, Damien Cabanes, Ali Cherri, Claude Closky, Philippe Cogn\u00e9e, Pascale Consigny, Pascal Convert, Fran\u00e7ois-Xavier Courr\u00e8ges, Olivier<br \/>\nDebr\u00e9, Anne Deguelle, Benjamin Demeyere, Quentin Derouet, Daniel Dezeuze, No\u00ebl Dolla, Fran\u00e7ois Dufr\u00eane, \u00c9ric Duyckaerts, Err\u00f3, Sylvie Fanchon, Malachi Farrell, Philippe Favier, Val\u00e9rie Favre, Clara Fontaine, Jakob Gautel, Ara G\u00fcler, Claire Hannicq, Laura Henno, Suzanne Husky, Ne\u00efla Czermark Ichti, Pierre Joseph, Val\u00e9rie Jouve, Piotr Kowalski, Carlos Kusnir, Denis Laget, Laura Lamiel, Ange Leccia, Rainier Lericolais, \u00c9lodie Lesourd, Philippe Mayaux, Mathieu Mercier, Annette Messager, Olivier Millagou, Lahouari Mohammed Bakir, Jacques Monory, Roman Moriceau, Morvarid K, Jean-Luc Moul\u00e8ne, Netto, Jean-Christophe Norman, Antoinette Ohannessian, Vincent Olinet, ORLAN, Lucien Pelen, Laurent Pernot, Bruno Perramant, Fran\u00e7oise P\u00e9trovitch, \u00c9ric Poitevin, Daniel Pommereulle, Pr\u00e9sence Panchounette, Laure Prouvost, Enrique Ram\u00edrez, Judit Reigl, Germaine Richier, Gwen Rouvillois, Alain S\u00e9chas, Bruno Serralongue, Soci\u00e9t\u00e9 R\u00e9aliste, Daniel Spoerri, Peter St\u00e4mpfli, Nathalie Talec, Tsuneko Taniuchi, Barth\u00e9l\u00e9my Toguo, Roland Topor, Patrick Tosani, Thu-Van Tran, Agn\u00e8s Varda, Jean-Luc Vilmouth, Catherine Viollet, Hugh Weiss\u2026<\/p>\n","protected":false},"excerpt":{"rendered":"Nouvelle accrochage de la collection du Mac Val, du 21 mars 2025 \u00e0 mars 2027. Commissariat Nicolas SurlapierreCo-commissariat Yuan-Chih Cheng, Ana\u00efs Linares, Margaut Segui et toutes les \u00e9quipes du&nbsp;MAC&nbsp;VAL Chronique d\u2019une expositionLes 20 ans du&nbsp;MAC&nbsp;VAL, un anniversaire visionnaire Il y a 20 ans, le&nbsp;MAC&nbsp;VAL&nbsp;ouvrait ses portes. L\u2019anniversaire du mus\u00e9e repr\u00e9sente l\u2019occasion de confirmer la qualit\u00e9&#8230; <a class=\"view-article\" href=\"https:\/\/ninachildress.com\/?p=5241\">+<\/a>","protected":false},"author":2,"featured_media":5242,"comment_status":"open","ping_status":"open","sticky":false,"template":"","format":"standard","meta":[],"categories":[10,3],"tags":[],"yoast_head":"<!-- This site is optimized with the Yoast SEO plugin v17.6 - https:\/\/yoast.com\/wordpress\/plugins\/seo\/ -->\n<meta name=\"robots\" content=\"index, follow, max-snippet:-1, max-image-preview:large, max-video-preview:-1\" \/>\n<link rel=\"canonical\" href=\"https:\/\/ninachildress.com\/?p=5241\" \/>\n<meta property=\"og:locale\" content=\"fr_FR\" \/>\n<meta property=\"og:type\" content=\"article\" \/>\n<meta property=\"og:title\" content=\"LE GENRE IDEAL - Nina Childress - Artiste Peintre - Paris\" \/>\n<meta property=\"og:description\" content=\"Nouvelle accrochage de la collection du Mac Val, du 21 mars 2025 \u00e0 mars 2027. Commissariat Nicolas SurlapierreCo-commissariat Yuan-Chih Cheng, Ana\u00efs Linares, Margaut Segui et toutes les \u00e9quipes du&nbsp;MAC&nbsp;VAL Chronique d\u2019une expositionLes 20 ans du&nbsp;MAC&nbsp;VAL, un anniversaire visionnaire Il y a 20 ans, le&nbsp;MAC&nbsp;VAL&nbsp;ouvrait ses portes. L\u2019anniversaire du mus\u00e9e repr\u00e9sente l\u2019occasion de confirmer la qualit\u00e9... +\" \/>\n<meta property=\"og:url\" content=\"https:\/\/ninachildress.com\/?p=5241\" \/>\n<meta property=\"og:site_name\" content=\"Nina Childress - Artiste Peintre - Paris\" \/>\n<meta property=\"article:published_time\" content=\"2026-01-30T10:51:57+00:00\" \/>\n<meta property=\"article:modified_time\" content=\"2026-01-30T10:56:46+00:00\" \/>\n<meta property=\"og:image\" content=\"https:\/\/ninachildress.com\/wp-content\/uploads\/1048-nuitweb.jpg\" \/>\n\t<meta property=\"og:image:width\" content=\"800\" \/>\n\t<meta property=\"og:image:height\" content=\"1112\" \/>\n<meta name=\"twitter:card\" content=\"summary_large_image\" \/>\n<meta name=\"twitter:label1\" content=\"\u00c9crit par\" \/>\n\t<meta name=\"twitter:data1\" content=\"Nina Childress\" \/>\n\t<meta name=\"twitter:label2\" content=\"Dur\u00e9e de lecture estim\u00e9e\" \/>\n\t<meta name=\"twitter:data2\" content=\"3 minutes\" \/>\n<script type=\"application\/ld+json\" class=\"yoast-schema-graph\">{\"@context\":\"https:\/\/schema.org\",\"@graph\":[{\"@type\":\"WebSite\",\"@id\":\"https:\/\/ninachildress.com\/#website\",\"url\":\"https:\/\/ninachildress.com\/\",\"name\":\"Nina Childress - Artiste Peintre - Paris\",\"description\":\"Nina Childress, artiste peintre vivant \\u00e0 Paris, Enseigne aux Beaux-Arts, Expositions au MAMCO, Rideau vert au Palais de Tokyo, galerie Bernard Jordan\",\"potentialAction\":[{\"@type\":\"SearchAction\",\"target\":{\"@type\":\"EntryPoint\",\"urlTemplate\":\"https:\/\/ninachildress.com\/?s={search_term_string}\"},\"query-input\":\"required name=search_term_string\"}],\"inLanguage\":\"fr-FR\"},{\"@type\":\"ImageObject\",\"@id\":\"https:\/\/ninachildress.com\/?p=5241#primaryimage\",\"inLanguage\":\"fr-FR\",\"url\":\"https:\/\/ninachildress.com\/wp-content\/uploads\/1048-nuitweb.jpg\",\"contentUrl\":\"https:\/\/ninachildress.com\/wp-content\/uploads\/1048-nuitweb.jpg\",\"width\":800,\"height\":1112},{\"@type\":\"WebPage\",\"@id\":\"https:\/\/ninachildress.com\/?p=5241#webpage\",\"url\":\"https:\/\/ninachildress.com\/?p=5241\",\"name\":\"LE GENRE IDEAL - Nina Childress - Artiste Peintre - Paris\",\"isPartOf\":{\"@id\":\"https:\/\/ninachildress.com\/#website\"},\"primaryImageOfPage\":{\"@id\":\"https:\/\/ninachildress.com\/?p=5241#primaryimage\"},\"datePublished\":\"2026-01-30T10:51:57+00:00\",\"dateModified\":\"2026-01-30T10:56:46+00:00\",\"author\":{\"@id\":\"https:\/\/ninachildress.com\/#\/schema\/person\/5503854bf4eef7bbe6f8418b83bc431d\"},\"breadcrumb\":{\"@id\":\"https:\/\/ninachildress.com\/?p=5241#breadcrumb\"},\"inLanguage\":\"fr-FR\",\"potentialAction\":[{\"@type\":\"ReadAction\",\"target\":[\"https:\/\/ninachildress.com\/?p=5241\"]}]},{\"@type\":\"BreadcrumbList\",\"@id\":\"https:\/\/ninachildress.com\/?p=5241#breadcrumb\",\"itemListElement\":[{\"@type\":\"ListItem\",\"position\":1,\"name\":\"Accueil\",\"item\":\"https:\/\/ninachildress.com\/\"},{\"@type\":\"ListItem\",\"position\":2,\"name\":\"LE GENRE IDEAL\"}]},{\"@type\":\"Person\",\"@id\":\"https:\/\/ninachildress.com\/#\/schema\/person\/5503854bf4eef7bbe6f8418b83bc431d\",\"name\":\"Nina Childress\",\"image\":{\"@type\":\"ImageObject\",\"@id\":\"https:\/\/ninachildress.com\/#personlogo\",\"inLanguage\":\"fr-FR\",\"url\":\"https:\/\/secure.gravatar.com\/avatar\/94531c9f9d8ab9ffe8375c536a3a2009?s=96&d=mm&r=g\",\"contentUrl\":\"https:\/\/secure.gravatar.com\/avatar\/94531c9f9d8ab9ffe8375c536a3a2009?s=96&d=mm&r=g\",\"caption\":\"Nina Childress\"},\"url\":\"https:\/\/ninachildress.com\/?author=2\"}]}<\/script>\n<!-- \/ Yoast SEO plugin. -->","yoast_head_json":{"robots":{"index":"index","follow":"follow","max-snippet":"max-snippet:-1","max-image-preview":"max-image-preview:large","max-video-preview":"max-video-preview:-1"},"canonical":"https:\/\/ninachildress.com\/?p=5241","og_locale":"fr_FR","og_type":"article","og_title":"LE GENRE IDEAL - Nina Childress - Artiste Peintre - Paris","og_description":"Nouvelle accrochage de la collection du Mac Val, du 21 mars 2025 \u00e0 mars 2027. Commissariat Nicolas SurlapierreCo-commissariat Yuan-Chih Cheng, Ana\u00efs Linares, Margaut Segui et toutes les \u00e9quipes du&nbsp;MAC&nbsp;VAL Chronique d\u2019une expositionLes 20 ans du&nbsp;MAC&nbsp;VAL, un anniversaire visionnaire Il y a 20 ans, le&nbsp;MAC&nbsp;VAL&nbsp;ouvrait ses portes. L\u2019anniversaire du mus\u00e9e repr\u00e9sente l\u2019occasion de confirmer la qualit\u00e9... +","og_url":"https:\/\/ninachildress.com\/?p=5241","og_site_name":"Nina Childress - Artiste Peintre - Paris","article_published_time":"2026-01-30T10:51:57+00:00","article_modified_time":"2026-01-30T10:56:46+00:00","og_image":[{"width":800,"height":1112,"url":"https:\/\/ninachildress.com\/wp-content\/uploads\/1048-nuitweb.jpg","type":"image\/jpeg"}],"twitter_card":"summary_large_image","twitter_misc":{"\u00c9crit par":"Nina Childress","Dur\u00e9e de lecture estim\u00e9e":"3 minutes"},"schema":{"@context":"https:\/\/schema.org","@graph":[{"@type":"WebSite","@id":"https:\/\/ninachildress.com\/#website","url":"https:\/\/ninachildress.com\/","name":"Nina Childress - Artiste Peintre - Paris","description":"Nina Childress, artiste peintre vivant \u00e0 Paris, Enseigne aux Beaux-Arts, Expositions au MAMCO, Rideau vert au Palais de Tokyo, galerie Bernard Jordan","potentialAction":[{"@type":"SearchAction","target":{"@type":"EntryPoint","urlTemplate":"https:\/\/ninachildress.com\/?s={search_term_string}"},"query-input":"required name=search_term_string"}],"inLanguage":"fr-FR"},{"@type":"ImageObject","@id":"https:\/\/ninachildress.com\/?p=5241#primaryimage","inLanguage":"fr-FR","url":"https:\/\/ninachildress.com\/wp-content\/uploads\/1048-nuitweb.jpg","contentUrl":"https:\/\/ninachildress.com\/wp-content\/uploads\/1048-nuitweb.jpg","width":800,"height":1112},{"@type":"WebPage","@id":"https:\/\/ninachildress.com\/?p=5241#webpage","url":"https:\/\/ninachildress.com\/?p=5241","name":"LE GENRE IDEAL - Nina Childress - Artiste Peintre - Paris","isPartOf":{"@id":"https:\/\/ninachildress.com\/#website"},"primaryImageOfPage":{"@id":"https:\/\/ninachildress.com\/?p=5241#primaryimage"},"datePublished":"2026-01-30T10:51:57+00:00","dateModified":"2026-01-30T10:56:46+00:00","author":{"@id":"https:\/\/ninachildress.com\/#\/schema\/person\/5503854bf4eef7bbe6f8418b83bc431d"},"breadcrumb":{"@id":"https:\/\/ninachildress.com\/?p=5241#breadcrumb"},"inLanguage":"fr-FR","potentialAction":[{"@type":"ReadAction","target":["https:\/\/ninachildress.com\/?p=5241"]}]},{"@type":"BreadcrumbList","@id":"https:\/\/ninachildress.com\/?p=5241#breadcrumb","itemListElement":[{"@type":"ListItem","position":1,"name":"Accueil","item":"https:\/\/ninachildress.com\/"},{"@type":"ListItem","position":2,"name":"LE GENRE IDEAL"}]},{"@type":"Person","@id":"https:\/\/ninachildress.com\/#\/schema\/person\/5503854bf4eef7bbe6f8418b83bc431d","name":"Nina Childress","image":{"@type":"ImageObject","@id":"https:\/\/ninachildress.com\/#personlogo","inLanguage":"fr-FR","url":"https:\/\/secure.gravatar.com\/avatar\/94531c9f9d8ab9ffe8375c536a3a2009?s=96&d=mm&r=g","contentUrl":"https:\/\/secure.gravatar.com\/avatar\/94531c9f9d8ab9ffe8375c536a3a2009?s=96&d=mm&r=g","caption":"Nina Childress"},"url":"https:\/\/ninachildress.com\/?author=2"}]}},"_links":{"self":[{"href":"https:\/\/ninachildress.com\/index.php?rest_route=\/wp\/v2\/posts\/5241"}],"collection":[{"href":"https:\/\/ninachildress.com\/index.php?rest_route=\/wp\/v2\/posts"}],"about":[{"href":"https:\/\/ninachildress.com\/index.php?rest_route=\/wp\/v2\/types\/post"}],"author":[{"embeddable":true,"href":"https:\/\/ninachildress.com\/index.php?rest_route=\/wp\/v2\/users\/2"}],"replies":[{"embeddable":true,"href":"https:\/\/ninachildress.com\/index.php?rest_route=%2Fwp%2Fv2%2Fcomments&post=5241"}],"version-history":[{"count":3,"href":"https:\/\/ninachildress.com\/index.php?rest_route=\/wp\/v2\/posts\/5241\/revisions"}],"predecessor-version":[{"id":5245,"href":"https:\/\/ninachildress.com\/index.php?rest_route=\/wp\/v2\/posts\/5241\/revisions\/5245"}],"wp:featuredmedia":[{"embeddable":true,"href":"https:\/\/ninachildress.com\/index.php?rest_route=\/wp\/v2\/media\/5242"}],"wp:attachment":[{"href":"https:\/\/ninachildress.com\/index.php?rest_route=%2Fwp%2Fv2%2Fmedia&parent=5241"}],"wp:term":[{"taxonomy":"category","embeddable":true,"href":"https:\/\/ninachildress.com\/index.php?rest_route=%2Fwp%2Fv2%2Fcategories&post=5241"},{"taxonomy":"post_tag","embeddable":true,"href":"https:\/\/ninachildress.com\/index.php?rest_route=%2Fwp%2Fv2%2Ftags&post=5241"}],"curies":[{"name":"wp","href":"https:\/\/api.w.org\/{rel}","templated":true}]}}